{"id":997,"date":"2010-11-09T16:35:00","date_gmt":"2010-11-09T15:35:00","guid":{"rendered":"https:\/\/www.michelogier.net\/index.php\/2010\/11\/09\/architecte-veronique-cornillet-maison-a-erquy\/"},"modified":"2021-11-30T10:18:27","modified_gmt":"2021-11-30T09:18:27","slug":"architecte-veronique-cornillet-maison-a-erquy","status":"publish","type":"post","link":"https:\/\/www.michelogier.net\/index.php\/2010\/11\/09\/architecte-veronique-cornillet-maison-a-erquy\/","title":{"rendered":"Architecte : V\u00e9ronique Cornillet, maison \u00e0 Erquy"},"content":{"rendered":"<p>V\u00e9ronique CORNILLET Architecte DPLG <br \/>28 quai Duguay Trouin <br \/>35000 RENNES<br \/>T\u00e9l. : 02 99 31 57 02<br \/><a href=\"mailto:veronikornillet@sfr.fr\">veronikornillet@sfr.fr<\/a><\/p>\n<p><\/p>\n<div style=\"clear: both; text-align: center;\"><a href=\"https:\/\/www.michelogier.net\/wp-content\/uploads\/2010\/11\/IMG_7467.jpg\" style=\"margin-left: 1em; margin-right: 1em;\"><img border=\"0\" height=\"426\" src=\"https:\/\/www.michelogier.net\/wp-content\/uploads\/2010\/11\/IMG_7467-300x200.jpg\" width=\"640\" \/><\/a><\/div>\n<p><\/p>\n<div style=\"clear: both; text-align: center;\"><a href=\"https:\/\/www.michelogier.net\/wp-content\/uploads\/2010\/11\/IMG_7581.jpg\" style=\"margin-left: 1em; margin-right: 1em;\"><img border=\"0\" height=\"426\" src=\"https:\/\/www.michelogier.net\/wp-content\/uploads\/2010\/11\/IMG_7581-300x200.jpg\" width=\"640\" \/><\/a><\/div>\n<p><\/p>\n<div style=\"clear: both; text-align: center;\"><a href=\"https:\/\/www.michelogier.net\/wp-content\/uploads\/2010\/11\/IMG_7621.jpg\" style=\"margin-left: 1em; margin-right: 1em;\"><img border=\"0\" height=\"426\" src=\"https:\/\/www.michelogier.net\/wp-content\/uploads\/2010\/11\/IMG_7621-300x200.jpg\" width=\"640\" \/><\/a><\/div>\n<p><\/p>\n<div style=\"clear: both; text-align: center;\"><a href=\"https:\/\/www.michelogier.net\/wp-content\/uploads\/2010\/11\/IMG_7622.jpg\" style=\"margin-left: 1em; margin-right: 1em;\"><img border=\"0\" height=\"426\" src=\"https:\/\/www.michelogier.net\/wp-content\/uploads\/2010\/11\/IMG_7622-300x200.jpg\" width=\"640\" \/><\/a><\/div>\n<p><\/p>\n<div style=\"clear: both; text-align: center;\"><a href=\"https:\/\/www.michelogier.net\/wp-content\/uploads\/2010\/11\/IMG_7627.jpg\" style=\"margin-left: 1em; margin-right: 1em;\"><img border=\"0\" height=\"640\" src=\"https:\/\/www.michelogier.net\/wp-content\/uploads\/2010\/11\/IMG_7627-200x300.jpg\" width=\"426\" \/><\/a><\/div>\n","protected":false},"excerpt":{"rendered":"<p>V\u00e9ronique CORNILLET Architecte DPLG 28 quai Duguay Trouin 35000 RENNEST\u00e9l. : 02 99 31 57 02veronikornillet@sfr.fr<\/p>\n","protected":false},"author":3,"featured_media":1135,"comment_status":"open","ping_status":"open","sticky":false,"template":"","format":"standard","meta":[],"categories":[105],"tags":[],"yoast_head":"<!-- This site is optimized with the Yoast SEO plugin v17.7 - https:\/\/yoast.com\/wordpress\/plugins\/seo\/ -->\n<title>Architecte : V\u00e9ronique Cornillet, maison \u00e0 Erquy - Michel Ogier<\/title>\n<meta name=\"robots\" content=\"index, follow, max-snippet:-1, max-image-preview:large, max-video-preview:-1\" \/>\n<link rel=\"canonical\" href=\"https:\/\/www.michelogier.net\/index.php\/2010\/11\/09\/architecte-veronique-cornillet-maison-a-erquy\/\" \/>\n<meta property=\"og:locale\" content=\"fr_FR\" \/>\n<meta property=\"og:type\" content=\"article\" \/>\n<meta property=\"og:title\" content=\"Architecte : V\u00e9ronique Cornillet, maison \u00e0 Erquy - Michel Ogier\" \/>\n<meta property=\"og:description\" content=\"V\u00e9ronique CORNILLET Architecte DPLG 28 quai Duguay Trouin 35000 RENNEST\u00e9l. : 02 99 31 57 02veronikornillet@sfr.fr\" \/>\n<meta property=\"og:url\" content=\"https:\/\/www.michelogier.net\/index.php\/2010\/11\/09\/architecte-veronique-cornillet-maison-a-erquy\/\" \/>\n<meta property=\"og:site_name\" content=\"Michel Ogier\" \/>\n<meta property=\"article:publisher\" content=\"https:\/\/www.facebook.com\/michel.ogier.35\/\" \/>\n<meta property=\"article:published_time\" content=\"2010-11-09T15:35:00+00:00\" \/>\n<meta property=\"article:modified_time\" content=\"2021-11-30T09:18:27+00:00\" \/>\n<meta property=\"og:image\" content=\"https:\/\/www.michelogier.net\/wp-content\/uploads\/2010\/11\/IMG_7467.jpg\" \/>\n\t<meta property=\"og:image:width\" content=\"1024\" \/>\n\t<meta property=\"og:image:height\" content=\"682\" \/>\n<meta name=\"twitter:card\" content=\"summary_large_image\" \/>\n<meta name=\"twitter:label1\" content=\"\u00c9crit par\" \/>\n\t<meta name=\"twitter:data1\" content=\"Michel Ogier\" \/>\n<script type=\"application\/ld+json\" class=\"yoast-schema-graph\">{\"@context\":\"https:\/\/schema.org\",\"@graph\":[{\"@type\":\"WebSite\",\"@id\":\"https:\/\/www.michelogier.net\/#website\",\"url\":\"https:\/\/www.michelogier.net\/\",\"name\":\"Michel Ogier\",\"description\":\"Photo et vid\\u00e9o\",\"potentialAction\":[{\"@type\":\"SearchAction\",\"target\":{\"@type\":\"EntryPoint\",\"urlTemplate\":\"https:\/\/www.michelogier.net\/?s={search_term_string}\"},\"query-input\":\"required name=search_term_string\"}],\"inLanguage\":\"fr-FR\"},{\"@type\":\"ImageObject\",\"@id\":\"https:\/\/www.michelogier.net\/index.php\/2010\/11\/09\/architecte-veronique-cornillet-maison-a-erquy\/#primaryimage\",\"inLanguage\":\"fr-FR\",\"url\":\"https:\/\/www.michelogier.net\/wp-content\/uploads\/2010\/11\/IMG_7467.jpg\",\"contentUrl\":\"https:\/\/www.michelogier.net\/wp-content\/uploads\/2010\/11\/IMG_7467.jpg\",\"width\":1024,\"height\":682},{\"@type\":\"WebPage\",\"@id\":\"https:\/\/www.michelogier.net\/index.php\/2010\/11\/09\/architecte-veronique-cornillet-maison-a-erquy\/#webpage\",\"url\":\"https:\/\/www.michelogier.net\/index.php\/2010\/11\/09\/architecte-veronique-cornillet-maison-a-erquy\/\",\"name\":\"Architecte : V\\u00e9ronique Cornillet, maison \\u00e0 Erquy - Michel Ogier\",\"isPartOf\":{\"@id\":\"https:\/\/www.michelogier.net\/#website\"},\"primaryImageOfPage\":{\"@id\":\"https:\/\/www.michelogier.net\/index.php\/2010\/11\/09\/architecte-veronique-cornillet-maison-a-erquy\/#primaryimage\"},\"datePublished\":\"2010-11-09T15:35:00+00:00\",\"dateModified\":\"2021-11-30T09:18:27+00:00\",\"author\":{\"@id\":\"https:\/\/www.michelogier.net\/#\/schema\/person\/6c79beff139cc785cdbb57274c0020d1\"},\"breadcrumb\":{\"@id\":\"https:\/\/www.michelogier.net\/index.php\/2010\/11\/09\/architecte-veronique-cornillet-maison-a-erquy\/#breadcrumb\"},\"inLanguage\":\"fr-FR\",\"potentialAction\":[{\"@type\":\"ReadAction\",\"target\":[\"https:\/\/www.michelogier.net\/index.php\/2010\/11\/09\/architecte-veronique-cornillet-maison-a-erquy\/\"]}]},{\"@type\":\"BreadcrumbList\",\"@id\":\"https:\/\/www.michelogier.net\/index.php\/2010\/11\/09\/architecte-veronique-cornillet-maison-a-erquy\/#breadcrumb\",\"itemListElement\":[{\"@type\":\"ListItem\",\"position\":1,\"name\":\"Accueil\",\"item\":\"https:\/\/www.michelogier.net\/\"},{\"@type\":\"ListItem\",\"position\":2,\"name\":\"Architecte : V\\u00e9ronique Cornillet, maison \\u00e0 Erquy\"}]},{\"@type\":\"Person\",\"@id\":\"https:\/\/www.michelogier.net\/#\/schema\/person\/6c79beff139cc785cdbb57274c0020d1\",\"name\":\"Michel Ogier\",\"image\":{\"@type\":\"ImageObject\",\"@id\":\"https:\/\/www.michelogier.net\/#personlogo\",\"inLanguage\":\"fr-FR\",\"url\":\"https:\/\/secure.gravatar.com\/avatar\/1c440a2bf9869b3bca6e6923599447d2?s=96&d=mm&r=g\",\"contentUrl\":\"https:\/\/secure.gravatar.com\/avatar\/1c440a2bf9869b3bca6e6923599447d2?s=96&d=mm&r=g\",\"caption\":\"Michel Ogier\"},\"sameAs\":[\"https:\/\/www.michelogier.net\"],\"url\":\"https:\/\/www.michelogier.net\/index.php\/author\/michelpierreolivieralexis1954\/\"}]}<\/script>\n<!-- \/ Yoast SEO plugin. -->","yoast_head_json":{"title":"Architecte : V\u00e9ronique Cornillet, maison \u00e0 Erquy - Michel Ogier","robots":{"index":"index","follow":"follow","max-snippet":"max-snippet:-1","max-image-preview":"max-image-preview:large","max-video-preview":"max-video-preview:-1"},"canonical":"https:\/\/www.michelogier.net\/index.php\/2010\/11\/09\/architecte-veronique-cornillet-maison-a-erquy\/","og_locale":"fr_FR","og_type":"article","og_title":"Architecte : V\u00e9ronique Cornillet, maison \u00e0 Erquy - Michel Ogier","og_description":"V\u00e9ronique CORNILLET Architecte DPLG 28 quai Duguay Trouin 35000 RENNEST\u00e9l. : 02 99 31 57 02veronikornillet@sfr.fr","og_url":"https:\/\/www.michelogier.net\/index.php\/2010\/11\/09\/architecte-veronique-cornillet-maison-a-erquy\/","og_site_name":"Michel Ogier","article_publisher":"https:\/\/www.facebook.com\/michel.ogier.35\/","article_published_time":"2010-11-09T15:35:00+00:00","article_modified_time":"2021-11-30T09:18:27+00:00","og_image":[{"width":1024,"height":682,"url":"https:\/\/www.michelogier.net\/wp-content\/uploads\/2010\/11\/IMG_7467.jpg","type":"image\/jpeg"}],"twitter_card":"summary_large_image","twitter_misc":{"\u00c9crit par":"Michel Ogier"},"schema":{"@context":"https:\/\/schema.org","@graph":[{"@type":"WebSite","@id":"https:\/\/www.michelogier.net\/#website","url":"https:\/\/www.michelogier.net\/","name":"Michel Ogier","description":"Photo et vid\u00e9o","potentialAction":[{"@type":"SearchAction","target":{"@type":"EntryPoint","urlTemplate":"https:\/\/www.michelogier.net\/?s={search_term_string}"},"query-input":"required name=search_term_string"}],"inLanguage":"fr-FR"},{"@type":"ImageObject","@id":"https:\/\/www.michelogier.net\/index.php\/2010\/11\/09\/architecte-veronique-cornillet-maison-a-erquy\/#primaryimage","inLanguage":"fr-FR","url":"https:\/\/www.michelogier.net\/wp-content\/uploads\/2010\/11\/IMG_7467.jpg","contentUrl":"https:\/\/www.michelogier.net\/wp-content\/uploads\/2010\/11\/IMG_7467.jpg","width":1024,"height":682},{"@type":"WebPage","@id":"https:\/\/www.michelogier.net\/index.php\/2010\/11\/09\/architecte-veronique-cornillet-maison-a-erquy\/#webpage","url":"https:\/\/www.michelogier.net\/index.php\/2010\/11\/09\/architecte-veronique-cornillet-maison-a-erquy\/","name":"Architecte : V\u00e9ronique Cornillet, maison \u00e0 Erquy - Michel Ogier","isPartOf":{"@id":"https:\/\/www.michelogier.net\/#website"},"primaryImageOfPage":{"@id":"https:\/\/www.michelogier.net\/index.php\/2010\/11\/09\/architecte-veronique-cornillet-maison-a-erquy\/#primaryimage"},"datePublished":"2010-11-09T15:35:00+00:00","dateModified":"2021-11-30T09:18:27+00:00","author":{"@id":"https:\/\/www.michelogier.net\/#\/schema\/person\/6c79beff139cc785cdbb57274c0020d1"},"breadcrumb":{"@id":"https:\/\/www.michelogier.net\/index.php\/2010\/11\/09\/architecte-veronique-cornillet-maison-a-erquy\/#breadcrumb"},"inLanguage":"fr-FR","potentialAction":[{"@type":"ReadAction","target":["https:\/\/www.michelogier.net\/index.php\/2010\/11\/09\/architecte-veronique-cornillet-maison-a-erquy\/"]}]},{"@type":"BreadcrumbList","@id":"https:\/\/www.michelogier.net\/index.php\/2010\/11\/09\/architecte-veronique-cornillet-maison-a-erquy\/#breadcrumb","itemListElement":[{"@type":"ListItem","position":1,"name":"Accueil","item":"https:\/\/www.michelogier.net\/"},{"@type":"ListItem","position":2,"name":"Architecte : V\u00e9ronique Cornillet, maison \u00e0 Erquy"}]},{"@type":"Person","@id":"https:\/\/www.michelogier.net\/#\/schema\/person\/6c79beff139cc785cdbb57274c0020d1","name":"Michel Ogier","image":{"@type":"ImageObject","@id":"https:\/\/www.michelogier.net\/#personlogo","inLanguage":"fr-FR","url":"https:\/\/secure.gravatar.com\/avatar\/1c440a2bf9869b3bca6e6923599447d2?s=96&d=mm&r=g","contentUrl":"https:\/\/secure.gravatar.com\/avatar\/1c440a2bf9869b3bca6e6923599447d2?s=96&d=mm&r=g","caption":"Michel Ogier"},"sameAs":["https:\/\/www.michelogier.net"],"url":"https:\/\/www.michelogier.net\/index.php\/author\/michelpierreolivieralexis1954\/"}]}},"_links":{"self":[{"href":"https:\/\/www.michelogier.net\/index.php\/wp-json\/wp\/v2\/posts\/997"}],"collection":[{"href":"https:\/\/www.michelogier.net\/index.php\/wp-json\/wp\/v2\/posts"}],"about":[{"href":"https:\/\/www.michelogier.net\/index.php\/wp-json\/wp\/v2\/types\/post"}],"author":[{"embeddable":true,"href":"https:\/\/www.michelogier.net\/index.php\/wp-json\/wp\/v2\/users\/3"}],"replies":[{"embeddable":true,"href":"https:\/\/www.michelogier.net\/index.php\/wp-json\/wp\/v2\/comments?post=997"}],"version-history":[{"count":1,"href":"https:\/\/www.michelogier.net\/index.php\/wp-json\/wp\/v2\/posts\/997\/revisions"}],"predecessor-version":[{"id":1140,"href":"https:\/\/www.michelogier.net\/index.php\/wp-json\/wp\/v2\/posts\/997\/revisions\/1140"}],"wp:featuredmedia":[{"embeddable":true,"href":"https:\/\/www.michelogier.net\/index.php\/wp-json\/wp\/v2\/media\/1135"}],"wp:attachment":[{"href":"https:\/\/www.michelogier.net\/index.php\/wp-json\/wp\/v2\/media?parent=997"}],"wp:term":[{"taxonomy":"category","embeddable":true,"href":"https:\/\/www.michelogier.net\/index.php\/wp-json\/wp\/v2\/categories?post=997"},{"taxonomy":"post_tag","embeddable":true,"href":"https:\/\/www.michelogier.net\/index.php\/wp-json\/wp\/v2\/tags?post=997"}],"curies":[{"name":"wp","href":"https:\/\/api.w.org\/{rel}","templated":true}]}}