{"id":982,"date":"2013-10-28T12:25:00","date_gmt":"2013-10-28T11:25:00","guid":{"rendered":""},"modified":"2021-11-30T11:45:11","modified_gmt":"2021-11-30T10:45:11","slug":"fonds-ogier-aux-archives-municipales-de-rennes","status":"publish","type":"post","link":"https:\/\/www.michelogier.net\/index.php\/2013\/10\/28\/fonds-ogier-aux-archives-municipales-de-rennes\/","title":{"rendered":"\u00ab\u00a0Fonds Ogier\u00a0\u00bb aux archives municipales de Rennes"},"content":{"rendered":"<div style=\"text-align: justify;\"><b>Une partie de mes diapositives sur Rennes, r\u00e9alis\u00e9es entre 1983 et 2002 a \u00e9t\u00e9 l\u00e9gu\u00e9e aux Archives Municipales. Le reste des diapositives et les pellicules noir et blanc couvrant essentiellement la p\u00e9riode 1983-1990 suivront.<\/b><\/div>\n<div style=\"text-align: justify;\"><\/div>\n<div style=\"margin-bottom: 0cm; text-align: justify;\">Parce que l&rsquo;argentique c&rsquo;est fini, parce que depuis plus de dix ans je n&rsquo;ai plus ouvert les tiroirs o\u00f9 \u00e9taient \u00ab&nbsp;remis\u00e9es&nbsp;\u00bb mes diapositives, j&rsquo;ai pens\u00e9 qu&rsquo;elles pourraient avoir leur place dans ce temple de la m\u00e9moire locale que sont les archives municipales. Qu&rsquo;elles pourraient peut-\u00eatre y revivre pour, et par, certains qui d\u00e9cideraient \u00e0 un moment donn\u00e9 de soulever le couvercle du pass\u00e9 de la ville, entre ces ann\u00e9es 80 et 2000. Voir ces images faites pour la locale de Ouest-France, la Ville de Rennes, l&rsquo;Office du Tourisme et quelques entreprises notamment autour des grands chantiers dont celui de la gare et surtout du m\u00e9tro. Voir ainsi comment \u00e0 mesure visuellement la ville a chang\u00e9. Et aussi le regard qu&rsquo;on a port\u00e9 sur elle. Il m&rsquo;a sembl\u00e9 dans cette approche r\u00e9trospective que nous n&rsquo;avions plus la m\u00eame vision du quotidien. Ces images montrent des hommes et des femmes au travail, dans la vie \u00ab&nbsp;normale&nbsp;\u00bb, dans leurs loisirs et parfois chez eux, sans voyeurisme, comme les choses se donnaient \u00e0 voir,  juste un t\u00e9moignage. Et que ce temps du reportage est r\u00e9volu. Maintenant c&rsquo;est \u00e0 la t\u00e9l\u00e9 -nationale- que tout se d\u00e9voile en toute impudeur, et qu&rsquo;on bannit les images de la vie telle qu&rsquo;elle se pr\u00e9sente.<\/div>\n<div style=\"margin-bottom: 0cm; text-align: justify;\">Voici un petit \u00e9chantillonnage de ces photos d\u00e9pos\u00e9es et du reste \u00e0 venir.<\/div>\n<div style=\"margin-bottom: 0cm; text-align: justify;\">C&rsquo;est une exp\u00e9rience de devoir se replonger sur son pass\u00e9, comme si un amateur de photographies se penchait sur des milliers de souvenirs, revenant sur toutes ces photos qu&rsquo;il aurait faites assidument durant ces nombreuses ann\u00e9es et souvent au rythme du quotidien. Cela revient alors comme des bouff\u00e9es, des vagues, de souvenirs oubli\u00e9s. Et j&rsquo;ai l&rsquo;impression que c&rsquo;est \u00e0 la fois peu et \u00e0 mesure que je m&rsquo;y plonge illimit\u00e9 \u00e0 explorer et \u00e0 classer.<\/div>\n<div style=\"margin-bottom: 0cm; text-align: justify;\">Il est \u00e9trange d&rsquo;apporter un regard r\u00e9trospectif et en quelque sorte raisonn\u00e9, alors que toujours on a r\u00e9alis\u00e9 ces photos pour du court terme, pour informer sur l&rsquo;instant et pas du tout pour l&rsquo;histoire ou aucune forme de post\u00e9rit\u00e9.  Ces images n&rsquo;avaient que l&rsquo;utilit\u00e9 d&rsquo;informer sur le moment. J&rsquo;\u00e9tais l\u00e0pour montrer aux autres ce qui s&rsquo;\u00e9tait pass\u00e9 peu de temps avant hors de leur port\u00e9e de regard, mais pas en dehors de leur territoire d&rsquo;int\u00e9r\u00eat et du besoin d&rsquo;\u00eatre inform\u00e9 de l&rsquo;actualit\u00e9.<\/div>\n<div style=\"margin-bottom: 0cm; text-align: justify;\">C&rsquo;est devenu le fonds Ogier, et sans pourtant que je sois mort, du moins c&rsquo;est l&rsquo;impression que j&rsquo;en ai encore&nbsp;!<\/div>\n<div style=\"margin-bottom: 0cm;\"><\/div>\n<p><b>Rennes Reflets&nbsp;<\/b><\/p>\n<p><object width=\"700\" height=\"525\"><param name=\"flashvars\" value=\"offsite=true&amp;lang=fr-fr&amp;page_show_url=%2Fphotos%2F72454263%40N05%2Fsets%2F72157636929236725%2Fshow%2Fwith%2F10472638693%2F&amp;page_show_back_url=%2Fphotos%2F72454263%40N05%2Fsets%2F72157636929236725%2Fwith%2F10472638693%2F&amp;set_id=72157636929236725&amp;jump_to=10472638693\"><param name=\"movie\" value=\"http:\/\/www.flickr.com\/apps\/slideshow\/show.swf?v=124984\"><param name=\"allowFullScreen\" value=\"true\"><embed type=\"application\/x-shockwave-flash\" src=\"http:\/\/www.flickr.com\/apps\/slideshow\/show.swf?v=124984\" allowfullscreen=\"true\" flashvars=\"offsite=true&amp;lang=fr-fr&amp;page_show_url=%2Fphotos%2F72454263%40N05%2Fsets%2F72157636929236725%2Fshow%2Fwith%2F10472638693%2F&amp;page_show_back_url=%2Fphotos%2F72454263%40N05%2Fsets%2F72157636929236725%2Fwith%2F10472638693%2F&amp;set_id=72157636929236725&amp;jump_to=10472638693\" width=\"700\" height=\"525\"><\/object><\/p>\n<p><b>Ouest-France&nbsp;<\/b><\/p>\n<p><object width=\"700\" height=\"525\"><param name=\"flashvars\" value=\"offsite=true&amp;lang=fr-fr&amp;page_show_url=%2Fphotos%2F72454263%40N05%2Fsets%2F72157636929754294%2Fshow%2Fwith%2F10472599126%2F&amp;page_show_back_url=%2Fphotos%2F72454263%40N05%2Fsets%2F72157636929754294%2Fwith%2F10472599126%2F&amp;set_id=72157636929754294&amp;jump_to=10472599126\"><param name=\"movie\" value=\"http:\/\/www.flickr.com\/apps\/slideshow\/show.swf?v=124984\"><param name=\"allowFullScreen\" value=\"true\"><embed type=\"application\/x-shockwave-flash\" src=\"http:\/\/www.flickr.com\/apps\/slideshow\/show.swf?v=124984\" allowfullscreen=\"true\" flashvars=\"offsite=true&amp;lang=fr-fr&amp;page_show_url=%2Fphotos%2F72454263%40N05%2Fsets%2F72157636929754294%2Fshow%2Fwith%2F10472599126%2F&amp;page_show_back_url=%2Fphotos%2F72454263%40N05%2Fsets%2F72157636929754294%2Fwith%2F10472599126%2F&amp;set_id=72157636929754294&amp;jump_to=10472599126\" width=\"700\" height=\"525\"><\/object><\/p>\n<p><b>Au Lavomatic&nbsp;<\/b><\/p>\n<p><object width=\"700\" height=\"525\"><param name=\"flashvars\" value=\"offsite=true&amp;lang=fr-fr&amp;page_show_url=%2Fphotos%2F72454263%40N05%2Fsets%2F72157637043301793%2Fshow%2Fwith%2F10533496295%2F&amp;page_show_back_url=%2Fphotos%2F72454263%40N05%2Fsets%2F72157637043301793%2Fwith%2F10533496295%2F&amp;set_id=72157637043301793&amp;jump_to=10533496295\"><param name=\"movie\" value=\"http:\/\/www.flickr.com\/apps\/slideshow\/show.swf?v=124984\"><param name=\"allowFullScreen\" value=\"true\"><embed type=\"application\/x-shockwave-flash\" src=\"http:\/\/www.flickr.com\/apps\/slideshow\/show.swf?v=124984\" allowfullscreen=\"true\" flashvars=\"offsite=true&amp;lang=fr-fr&amp;page_show_url=%2Fphotos%2F72454263%40N05%2Fsets%2F72157637043301793%2Fshow%2Fwith%2F10533496295%2F&amp;page_show_back_url=%2Fphotos%2F72454263%40N05%2Fsets%2F72157637043301793%2Fwith%2F10533496295%2F&amp;set_id=72157637043301793&amp;jump_to=10533496295\" width=\"700\" height=\"525\"><\/object><\/p>\n<p><b>Rennes la nuit<\/b><\/p>\n<p><object width=\"700\" height=\"525\"><param name=\"flashvars\" value=\"offsite=true&amp;lang=fr-fr&amp;page_show_url=%2Fphotos%2F72454263%40N05%2Fsets%2F72157637079796595%2Fshow%2Fwith%2F10553086475%2F&amp;page_show_back_url=%2Fphotos%2F72454263%40N05%2Fsets%2F72157637079796595%2Fwith%2F10553086475%2F&amp;set_id=72157637079796595&amp;jump_to=10553086475\"><param name=\"movie\" value=\"http:\/\/www.flickr.com\/apps\/slideshow\/show.swf?v=124984\"><param name=\"allowFullScreen\" value=\"true\"><embed type=\"application\/x-shockwave-flash\" src=\"http:\/\/www.flickr.com\/apps\/slideshow\/show.swf?v=124984\" allowfullscreen=\"true\" flashvars=\"offsite=true&amp;lang=fr-fr&amp;page_show_url=%2Fphotos%2F72454263%40N05%2Fsets%2F72157637079796595%2Fshow%2Fwith%2F10553086475%2F&amp;page_show_back_url=%2Fphotos%2F72454263%40N05%2Fsets%2F72157637079796595%2Fwith%2F10553086475%2F&amp;set_id=72157637079796595&amp;jump_to=10553086475\" width=\"700\" height=\"525\"><\/object><br \/>\n<b><br \/>\n<\/b><b><br \/>\n<\/b><b>La vie de photographe&nbsp;<\/b><\/p>\n<p><object width=\"700\" height=\"525\"><param name=\"flashvars\" value=\"offsite=true&amp;lang=fr-fr&amp;page_show_url=%2Fphotos%2F72454263%40N05%2Fsets%2F72157637042496596%2Fshow%2Fwith%2F10533763683%2F&amp;page_show_back_url=%2Fphotos%2F72454263%40N05%2Fsets%2F72157637042496596%2Fwith%2F10533763683%2F&amp;set_id=72157637042496596&amp;jump_to=10533763683\"><param name=\"movie\" value=\"http:\/\/www.flickr.com\/apps\/slideshow\/show.swf?v=124984\"><param name=\"allowFullScreen\" value=\"true\"><embed type=\"application\/x-shockwave-flash\" src=\"http:\/\/www.flickr.com\/apps\/slideshow\/show.swf?v=124984\" allowfullscreen=\"true\" flashvars=\"offsite=true&amp;lang=fr-fr&amp;page_show_url=%2Fphotos%2F72454263%40N05%2Fsets%2F72157637042496596%2Fshow%2Fwith%2F10533763683%2F&amp;page_show_back_url=%2Fphotos%2F72454263%40N05%2Fsets%2F72157637042496596%2Fwith%2F10533763683%2F&amp;set_id=72157637042496596&amp;jump_to=10533763683\" width=\"700\" height=\"525\"><\/object><\/p>\n","protected":false},"excerpt":{"rendered":"<p>Une partie de mes diapositives sur Rennes, r\u00e9alis\u00e9es entre 1983 et 2002 a \u00e9t\u00e9 l\u00e9gu\u00e9e aux Archives Municipales. Le reste des diapositives et les pellicules noir et blanc couvrant essentiellement la p\u00e9riode 1983-1990 suivront. Parce que l&rsquo;argentique c&rsquo;est fini, parce que depuis plus de dix ans je n&rsquo;ai plus ouvert les tiroirs o\u00f9 \u00e9taient \u00ab&nbsp;remis\u00e9es&nbsp;\u00bb &hellip; <\/p>\n<p class=\"link-more\"><a href=\"https:\/\/www.michelogier.net\/index.php\/2013\/10\/28\/fonds-ogier-aux-archives-municipales-de-rennes\/\" class=\"more-link\">Continuer la lecture<span class=\"screen-reader-text\"> de &laquo;&nbsp;\u00ab\u00a0Fonds Ogier\u00a0\u00bb aux archives municipales de Rennes&nbsp;&raquo;<\/span><\/a><\/p>\n","protected":false},"author":3,"featured_media":0,"comment_status":"open","ping_status":"open","sticky":false,"template":"","format":"standard","meta":[],"categories":[108,107,102,104,110],"tags":[],"yoast_head":"<!-- This site is optimized with the Yoast SEO plugin v17.7 - https:\/\/yoast.com\/wordpress\/plugins\/seo\/ -->\n<title>&quot;Fonds Ogier&quot; aux archives municipales de Rennes - Michel Ogier<\/title>\n<meta name=\"robots\" content=\"index, follow, max-snippet:-1, max-image-preview:large, max-video-preview:-1\" \/>\n<link rel=\"canonical\" href=\"https:\/\/www.michelogier.net\/index.php\/2013\/10\/28\/fonds-ogier-aux-archives-municipales-de-rennes\/\" \/>\n<meta property=\"og:locale\" content=\"fr_FR\" \/>\n<meta property=\"og:type\" content=\"article\" \/>\n<meta property=\"og:title\" content=\"&quot;Fonds Ogier&quot; aux archives municipales de Rennes - Michel Ogier\" \/>\n<meta property=\"og:description\" content=\"Une partie de mes diapositives sur Rennes, r\u00e9alis\u00e9es entre 1983 et 2002 a \u00e9t\u00e9 l\u00e9gu\u00e9e aux Archives Municipales. Le reste des diapositives et les pellicules noir et blanc couvrant essentiellement la p\u00e9riode 1983-1990 suivront. Parce que l&rsquo;argentique c&rsquo;est fini, parce que depuis plus de dix ans je n&rsquo;ai plus ouvert les tiroirs o\u00f9 \u00e9taient \u00ab&nbsp;remis\u00e9es&nbsp;\u00bb &hellip; Continuer la lecture de &laquo;&nbsp;\u00ab\u00a0Fonds Ogier\u00a0\u00bb aux archives municipales de Rennes&nbsp;&raquo;\" \/>\n<meta property=\"og:url\" content=\"https:\/\/www.michelogier.net\/index.php\/2013\/10\/28\/fonds-ogier-aux-archives-municipales-de-rennes\/\" \/>\n<meta property=\"og:site_name\" content=\"Michel Ogier\" \/>\n<meta property=\"article:publisher\" content=\"https:\/\/www.facebook.com\/michel.ogier.35\/\" \/>\n<meta property=\"article:published_time\" content=\"2013-10-28T11:25:00+00:00\" \/>\n<meta property=\"article:modified_time\" content=\"2021-11-30T10:45:11+00:00\" \/>\n<meta name=\"twitter:card\" content=\"summary_large_image\" \/>\n<meta name=\"twitter:label1\" content=\"\u00c9crit par\" \/>\n\t<meta name=\"twitter:data1\" content=\"Michel Ogier\" \/>\n\t<meta name=\"twitter:label2\" content=\"Dur\u00e9e de lecture estim\u00e9e\" \/>\n\t<meta name=\"twitter:data2\" content=\"2 minutes\" \/>\n<script type=\"application\/ld+json\" class=\"yoast-schema-graph\">{\"@context\":\"https:\/\/schema.org\",\"@graph\":[{\"@type\":\"WebSite\",\"@id\":\"https:\/\/www.michelogier.net\/#website\",\"url\":\"https:\/\/www.michelogier.net\/\",\"name\":\"Michel Ogier\",\"description\":\"Photo et vid\\u00e9o\",\"potentialAction\":[{\"@type\":\"SearchAction\",\"target\":{\"@type\":\"EntryPoint\",\"urlTemplate\":\"https:\/\/www.michelogier.net\/?s={search_term_string}\"},\"query-input\":\"required name=search_term_string\"}],\"inLanguage\":\"fr-FR\"},{\"@type\":\"WebPage\",\"@id\":\"https:\/\/www.michelogier.net\/index.php\/2013\/10\/28\/fonds-ogier-aux-archives-municipales-de-rennes\/#webpage\",\"url\":\"https:\/\/www.michelogier.net\/index.php\/2013\/10\/28\/fonds-ogier-aux-archives-municipales-de-rennes\/\",\"name\":\"\\\"Fonds Ogier\\\" aux archives municipales de Rennes - Michel Ogier\",\"isPartOf\":{\"@id\":\"https:\/\/www.michelogier.net\/#website\"},\"datePublished\":\"2013-10-28T11:25:00+00:00\",\"dateModified\":\"2021-11-30T10:45:11+00:00\",\"author\":{\"@id\":\"https:\/\/www.michelogier.net\/#\/schema\/person\/6c79beff139cc785cdbb57274c0020d1\"},\"breadcrumb\":{\"@id\":\"https:\/\/www.michelogier.net\/index.php\/2013\/10\/28\/fonds-ogier-aux-archives-municipales-de-rennes\/#breadcrumb\"},\"inLanguage\":\"fr-FR\",\"potentialAction\":[{\"@type\":\"ReadAction\",\"target\":[\"https:\/\/www.michelogier.net\/index.php\/2013\/10\/28\/fonds-ogier-aux-archives-municipales-de-rennes\/\"]}]},{\"@type\":\"BreadcrumbList\",\"@id\":\"https:\/\/www.michelogier.net\/index.php\/2013\/10\/28\/fonds-ogier-aux-archives-municipales-de-rennes\/#breadcrumb\",\"itemListElement\":[{\"@type\":\"ListItem\",\"position\":1,\"name\":\"Accueil\",\"item\":\"https:\/\/www.michelogier.net\/\"},{\"@type\":\"ListItem\",\"position\":2,\"name\":\"\\u00ab\\u00a0Fonds Ogier\\u00a0\\u00bb aux archives municipales de Rennes\"}]},{\"@type\":\"Person\",\"@id\":\"https:\/\/www.michelogier.net\/#\/schema\/person\/6c79beff139cc785cdbb57274c0020d1\",\"name\":\"Michel Ogier\",\"image\":{\"@type\":\"ImageObject\",\"@id\":\"https:\/\/www.michelogier.net\/#personlogo\",\"inLanguage\":\"fr-FR\",\"url\":\"https:\/\/secure.gravatar.com\/avatar\/1c440a2bf9869b3bca6e6923599447d2?s=96&d=mm&r=g\",\"contentUrl\":\"https:\/\/secure.gravatar.com\/avatar\/1c440a2bf9869b3bca6e6923599447d2?s=96&d=mm&r=g\",\"caption\":\"Michel Ogier\"},\"sameAs\":[\"https:\/\/www.michelogier.net\"],\"url\":\"https:\/\/www.michelogier.net\/index.php\/author\/michelpierreolivieralexis1954\/\"}]}<\/script>\n<!-- \/ Yoast SEO plugin. -->","yoast_head_json":{"title":"\"Fonds Ogier\" aux archives municipales de Rennes - Michel Ogier","robots":{"index":"index","follow":"follow","max-snippet":"max-snippet:-1","max-image-preview":"max-image-preview:large","max-video-preview":"max-video-preview:-1"},"canonical":"https:\/\/www.michelogier.net\/index.php\/2013\/10\/28\/fonds-ogier-aux-archives-municipales-de-rennes\/","og_locale":"fr_FR","og_type":"article","og_title":"\"Fonds Ogier\" aux archives municipales de Rennes - Michel Ogier","og_description":"Une partie de mes diapositives sur Rennes, r\u00e9alis\u00e9es entre 1983 et 2002 a \u00e9t\u00e9 l\u00e9gu\u00e9e aux Archives Municipales. Le reste des diapositives et les pellicules noir et blanc couvrant essentiellement la p\u00e9riode 1983-1990 suivront. Parce que l&rsquo;argentique c&rsquo;est fini, parce que depuis plus de dix ans je n&rsquo;ai plus ouvert les tiroirs o\u00f9 \u00e9taient \u00ab&nbsp;remis\u00e9es&nbsp;\u00bb &hellip; Continuer la lecture de &laquo;&nbsp;\u00ab\u00a0Fonds Ogier\u00a0\u00bb aux archives municipales de Rennes&nbsp;&raquo;","og_url":"https:\/\/www.michelogier.net\/index.php\/2013\/10\/28\/fonds-ogier-aux-archives-municipales-de-rennes\/","og_site_name":"Michel Ogier","article_publisher":"https:\/\/www.facebook.com\/michel.ogier.35\/","article_published_time":"2013-10-28T11:25:00+00:00","article_modified_time":"2021-11-30T10:45:11+00:00","twitter_card":"summary_large_image","twitter_misc":{"\u00c9crit par":"Michel Ogier","Dur\u00e9e de lecture estim\u00e9e":"2 minutes"},"schema":{"@context":"https:\/\/schema.org","@graph":[{"@type":"WebSite","@id":"https:\/\/www.michelogier.net\/#website","url":"https:\/\/www.michelogier.net\/","name":"Michel Ogier","description":"Photo et vid\u00e9o","potentialAction":[{"@type":"SearchAction","target":{"@type":"EntryPoint","urlTemplate":"https:\/\/www.michelogier.net\/?s={search_term_string}"},"query-input":"required name=search_term_string"}],"inLanguage":"fr-FR"},{"@type":"WebPage","@id":"https:\/\/www.michelogier.net\/index.php\/2013\/10\/28\/fonds-ogier-aux-archives-municipales-de-rennes\/#webpage","url":"https:\/\/www.michelogier.net\/index.php\/2013\/10\/28\/fonds-ogier-aux-archives-municipales-de-rennes\/","name":"\"Fonds Ogier\" aux archives municipales de Rennes - Michel Ogier","isPartOf":{"@id":"https:\/\/www.michelogier.net\/#website"},"datePublished":"2013-10-28T11:25:00+00:00","dateModified":"2021-11-30T10:45:11+00:00","author":{"@id":"https:\/\/www.michelogier.net\/#\/schema\/person\/6c79beff139cc785cdbb57274c0020d1"},"breadcrumb":{"@id":"https:\/\/www.michelogier.net\/index.php\/2013\/10\/28\/fonds-ogier-aux-archives-municipales-de-rennes\/#breadcrumb"},"inLanguage":"fr-FR","potentialAction":[{"@type":"ReadAction","target":["https:\/\/www.michelogier.net\/index.php\/2013\/10\/28\/fonds-ogier-aux-archives-municipales-de-rennes\/"]}]},{"@type":"BreadcrumbList","@id":"https:\/\/www.michelogier.net\/index.php\/2013\/10\/28\/fonds-ogier-aux-archives-municipales-de-rennes\/#breadcrumb","itemListElement":[{"@type":"ListItem","position":1,"name":"Accueil","item":"https:\/\/www.michelogier.net\/"},{"@type":"ListItem","position":2,"name":"\u00ab\u00a0Fonds Ogier\u00a0\u00bb aux archives municipales de Rennes"}]},{"@type":"Person","@id":"https:\/\/www.michelogier.net\/#\/schema\/person\/6c79beff139cc785cdbb57274c0020d1","name":"Michel Ogier","image":{"@type":"ImageObject","@id":"https:\/\/www.michelogier.net\/#personlogo","inLanguage":"fr-FR","url":"https:\/\/secure.gravatar.com\/avatar\/1c440a2bf9869b3bca6e6923599447d2?s=96&d=mm&r=g","contentUrl":"https:\/\/secure.gravatar.com\/avatar\/1c440a2bf9869b3bca6e6923599447d2?s=96&d=mm&r=g","caption":"Michel Ogier"},"sameAs":["https:\/\/www.michelogier.net"],"url":"https:\/\/www.michelogier.net\/index.php\/author\/michelpierreolivieralexis1954\/"}]}},"_links":{"self":[{"href":"https:\/\/www.michelogier.net\/index.php\/wp-json\/wp\/v2\/posts\/982"}],"collection":[{"href":"https:\/\/www.michelogier.net\/index.php\/wp-json\/wp\/v2\/posts"}],"about":[{"href":"https:\/\/www.michelogier.net\/index.php\/wp-json\/wp\/v2\/types\/post"}],"author":[{"embeddable":true,"href":"https:\/\/www.michelogier.net\/index.php\/wp-json\/wp\/v2\/users\/3"}],"replies":[{"embeddable":true,"href":"https:\/\/www.michelogier.net\/index.php\/wp-json\/wp\/v2\/comments?post=982"}],"version-history":[{"count":2,"href":"https:\/\/www.michelogier.net\/index.php\/wp-json\/wp\/v2\/posts\/982\/revisions"}],"predecessor-version":[{"id":1200,"href":"https:\/\/www.michelogier.net\/index.php\/wp-json\/wp\/v2\/posts\/982\/revisions\/1200"}],"wp:attachment":[{"href":"https:\/\/www.michelogier.net\/index.php\/wp-json\/wp\/v2\/media?parent=982"}],"wp:term":[{"taxonomy":"category","embeddable":true,"href":"https:\/\/www.michelogier.net\/index.php\/wp-json\/wp\/v2\/categories?post=982"},{"taxonomy":"post_tag","embeddable":true,"href":"https:\/\/www.michelogier.net\/index.php\/wp-json\/wp\/v2\/tags?post=982"}],"curies":[{"name":"wp","href":"https:\/\/api.w.org\/{rel}","templated":true}]}}